{"id":1402,"date":"2023-10-15T13:42:54","date_gmt":"2023-10-15T11:42:54","guid":{"rendered":"http:\/\/ppntarnow.pl\/?p=1402"},"modified":"2023-10-20T09:17:33","modified_gmt":"2023-10-20T07:17:33","slug":"konsultacje-kadry-rocznika-2008","status":"publish","type":"post","link":"https:\/\/ppntarnow.pl\/index.php\/2023\/10\/15\/konsultacje-kadry-rocznika-2008\/","title":{"rendered":"II konsultacja kadry rocznika 2009"},"content":{"rendered":"\n<p class=\"has-black-color has-text-color\" style=\"font-size:17px;font-style:normal;font-weight:400\"><span style=\"text-decoration: underline;\">19 pa\u017adziernik 2023 roku<\/span> odb\u0119d\u0105 si\u0119 konsultacje kadry rejonu wsch\u00f3d &#8211; rocznik 2009.<\/p>\n\n\n\n<p class=\"has-black-color has-text-color\" style=\"font-size:17px;font-style:normal;font-weight:400\">Zbi\u00f3rka zawodnik\u00f3w o godzinie 8:40 na obiekcie <span style=\"text-decoration: underline;\">Metal Tarn\u00f3w ul. Warsztatowa 2.<\/span> <\/p>\n\n\n\n<p class=\"has-black-color has-text-color\" style=\"font-size:17px\"><strong>POWO\u0141ANI ZAWODNICY:<\/strong><\/p>\n\n\n\n<div class=\"wp-block-columns is-layout-flex wp-container-core-columns-is-layout-9d6595d7 wp-block-columns-is-layout-flex\">\n<div class=\"wp-block-column is-layout-flow wp-block-column-is-layout-flow\">\n<p class=\"has-black-color has-text-color\" style=\"font-size:18px\"><br>Bator Wojciech &#8211; Bruk-Bet Termalica Nieciecza<br>Sza\u0142as Patryk &#8211; Bruk-Bet Termalica Nieciecza<br>Bogacz Kacper &#8211; Bruk-Bet Termalica Nieciecza<br>Maderak Szymon &#8211; Bruk-Bet Termalica Nieciecza<br>\u015alipek Jakub &#8211; Bruk-Bet Termalica Nieciecza<br>Stawarz Bartosz &#8211; Bruk-Bet Termalica Nieciecza<br>Goryczko Oliwier &#8211; Bruk-Bet Termalica Nieciecza<br>Derus Jakub &#8211; Bruk-Bet Termalica Nieciecza<br>Wrona Antoni &#8211; Bruk-Bet Termalica Nieciecza<br>Magiera Piotr &#8211; Dunajec Zakliczyn<br>Motak Adrian &#8211; Dunajec Zakliczyn<br>Tokarczyk Wojciech &#8211; Dunajec Zakliczyn<br>\u015aredniawa Alex &#8211; Westovia Tarn\u00f3w<br>Burnat Maksymilian &#8211; Unia Tarn\u00f3w <br>Skibicki Szymon &#8211; Unia Tarn\u00f3w<br>Rzepka Maksymialian &#8211; Unia Tarn\u00f3w<br>Bzdula Hubert &#8211; Unia Tarn\u00f3w<br>Le\u015bniak Adrian &#8211; Unia Tarn\u00f3w<br>Hebda Igor &#8211; Unia Tarn\u00f3w<br>Jankowski Seweryn- Unia Tarn\u00f3w<br>Macia\u015b Kamil &#8211; Okocimski Brzesko<br>Dudzik Jakub &#8211; Okocimski Brzesko<br>Tomala Kacper &#8211; Tarnovia Tarn\u00f3w<br>Kowalczyk Miko\u0142aj &#8211; Tarnovia Tarn\u00f3w <br>Szczerba Mi\u0142osz &#8211; Tarnovia Tarn\u00f3w<br>Knapik Nikodem &#8211; Tarnovia Tarn\u00f3w <br>Klejdysz Hubert &#8211; MOSiR Bochnia<br>Klima Daniel &#8211; MOSiR Bochnia<br>Jasi\u0144ski Tomasz &#8211; Gromnik<br>N\u0119dza Jakub &#8211; Wolania Wola Rz\u0119dzi\u0144ska<br>Surdel Wiktor &#8211; Iskra Tarn\u00f3w<br>Le\u017co\u0144 Garbiel &#8211; D\u0105brovia D\u0105browa Tarnowska<\/p>\n<\/div>\n<\/div>\n\n\n\n<p class=\"has-black-color has-text-color\" style=\"font-size:17px;font-style:normal;font-weight:400\">Ka\u017cdy z powo\u0142anych graczy musi posiada\u0107: ksero wa\u017cnych bada\u0144 lekarskich, sprz\u0119t sportowy (str\u00f3j pi\u0142karski dopasowany do warunk\u00f3w atmosferycznych, getry, ochraniacze, obuwie na naturalna muraw\u0119, bramkarze dodatkowo r\u0119kawice).<\/p>\n\n\n\n<p class=\"has-black-color has-text-color\" style=\"font-size:17px;font-style:normal;font-weight:400\">Obecno\u015b\u0107 zawodnik\u00f3w jest obowi\u0105zkowa. Wszelkie nieobecno\u015bci prosz\u0119 niezw\u0142ocznie zg\u0142asza\u0107 do trener\u00f3w:<br><strong>Pawe\u0142 W\u0119grzyn:<\/strong> +48 501 184 528<br><strong>Pawe\u0142 Popiela:<\/strong> +48 795 796 779<\/p>\n","protected":false},"excerpt":{"rendered":"<p>19 pa\u017adziernik 2023 roku odb\u0119d\u0105 si\u0119 konsultacje kadry rejonu wsch\u00f3d &#8211; rocznik 2009. Zbi\u00f3rka zawodnik\u00f3w o godzinie 8:40 na obiekcie Metal Tarn\u00f3w ul. Warsztatowa 2. [&hellip;]<\/p>\n","protected":false},"author":2,"featured_media":1008,"comment_status":"closed","ping_status":"closed","sticky":false,"template":"","format":"standard","meta":{"_monsterinsights_skip_tracking":false,"_monsterinsights_sitenote_active":false,"_monsterinsights_sitenote_note":"","_monsterinsights_sitenote_category":0,"footnotes":""},"categories":[1],"tags":[],"class_list":["post-1402","post","type-post","status-publish","format-standard","has-post-thumbnail","hentry","category-bez-kategorii"],"_links":{"self":[{"href":"https:\/\/ppntarnow.pl\/index.php\/wp-json\/wp\/v2\/posts\/1402","targetHints":{"allow":["GET"]}}],"collection":[{"href":"https:\/\/ppntarnow.pl\/index.php\/wp-json\/wp\/v2\/posts"}],"about":[{"href":"https:\/\/ppntarnow.pl\/index.php\/wp-json\/wp\/v2\/types\/post"}],"author":[{"embeddable":true,"href":"https:\/\/ppntarnow.pl\/index.php\/wp-json\/wp\/v2\/users\/2"}],"replies":[{"embeddable":true,"href":"https:\/\/ppntarnow.pl\/index.php\/wp-json\/wp\/v2\/comments?post=1402"}],"version-history":[{"count":10,"href":"https:\/\/ppntarnow.pl\/index.php\/wp-json\/wp\/v2\/posts\/1402\/revisions"}],"predecessor-version":[{"id":2494,"href":"https:\/\/ppntarnow.pl\/index.php\/wp-json\/wp\/v2\/posts\/1402\/revisions\/2494"}],"wp:featuredmedia":[{"embeddable":true,"href":"https:\/\/ppntarnow.pl\/index.php\/wp-json\/wp\/v2\/media\/1008"}],"wp:attachment":[{"href":"https:\/\/ppntarnow.pl\/index.php\/wp-json\/wp\/v2\/media?parent=1402"}],"wp:term":[{"taxonomy":"category","embeddable":true,"href":"https:\/\/ppntarnow.pl\/index.php\/wp-json\/wp\/v2\/categories?post=1402"},{"taxonomy":"post_tag","embeddable":true,"href":"https:\/\/ppntarnow.pl\/index.php\/wp-json\/wp\/v2\/tags?post=1402"}],"curies":[{"name":"wp","href":"https:\/\/api.w.org\/{rel}","templated":true}]}}