{"id":3335,"date":"2024-11-12T15:51:34","date_gmt":"2024-11-12T14:51:34","guid":{"rendered":"http:\/\/ppntarnow.pl\/?p=3335"},"modified":"2024-12-05T11:25:45","modified_gmt":"2024-12-05T10:25:45","slug":"tarnowska-liga-futsalu-seniorow-zgloszenia","status":"publish","type":"post","link":"https:\/\/ppntarnow.pl\/index.php\/2024\/11\/12\/tarnowska-liga-futsalu-seniorow-zgloszenia\/","title":{"rendered":"Tarnowska Liga Futsalu senior\u00f3w &#8211; zg\u0142oszenia"},"content":{"rendered":"\n<p class=\"has-black-color has-text-color has-link-color wp-elements-e9bf5444d325a7748df60f78d94e2b7a\" style=\"font-size:18px\">Tarnowska Liga Futsalu Podokr\u0119gu Tarn\u00f3w to nowa inicjatywa zarz\u0105du PPN Tarn\u00f3w, kt\u00f3ra ma na celu reaktywowa\u0107 kiedy\u015b dobrze funkcjonuj\u0105ce i popularne rozgrywki w halowej odmianie pi\u0142ki no\u017cnej.<\/p>\n\n\n\n<p class=\"has-black-color has-text-color has-link-color wp-elements-067c437062bdb44c7fc16a1398cfe578\" style=\"font-size:18px\">Planowane za\u0142o\u017cenia na pierwszy sezon rozgrywkowy s\u0105 nast\u0119puj\u0105ce:<\/p>\n\n\n\n<ul class=\"has-black-color has-text-color has-link-color wp-block-list wp-elements-c4443aa77918dac4a0153d381cd6f5ef\">\n<li style=\"font-size:18px\">rozgrywki b\u0119d\u0105 toczy\u0107 si\u0119 w systemie ligowym<\/li>\n\n\n\n<li style=\"font-size:18px\">ka\u017cda dru\u017cyna zagra ze sob\u0105 po jednym meczu<\/li>\n\n\n\n<li style=\"font-size:18px\">maksymalna ilo\u015b\u0107 zg\u0142oszonych dru\u017cyn do ligi to 10<\/li>\n\n\n\n<li style=\"font-size:18px\">mecz b\u0119d\u0105 rozgrywane na hali CKZiU Tarn\u00f3w ul. Chemiczna<\/li>\n\n\n\n<li style=\"font-size:18px\">termin rozgrywania mecz\u00f3w to czwartek miedzy godzinami 18:00 -22:00<\/li>\n\n\n\n<li style=\"font-size:18px\">planowany start rozgrywek 5 grudnia 2024, koniec rozgrywek oko\u0142o po\u0142owa lutego<\/li>\n\n\n\n<li style=\"font-size:18px\">czas gry 2&#215;15 min, ostatnie 2 min zatrzymywane<\/li>\n<\/ul>\n\n\n\n<p class=\"has-black-color has-text-color has-link-color wp-elements-305688facb9e001cbe63e2b7f8b83683\" style=\"font-size:18px\">W pierwszej kolejno\u015bci zg\u0142oszenia b\u0119d\u0105 przyjmowane od dru\u017cyn zrzeszonych w Podokr\u0119gu Tarn\u00f3w (kt\u00f3re wype\u0142ni\u0105 formularz zg\u0142oszeniowy oraz wp\u0142ac\u0105 wpisowe) a nast\u0119pnie dopiero w przypadku wolnych miejsc od dru\u017cynie niezrzeszonych. <\/p>\n\n\n\n<p class=\"has-black-color has-text-color has-link-color wp-elements-f7bcb514a4022f6e11da2ee2a9e087e6\" style=\"font-size:18px\"><span style=\"text-decoration: underline;\">Wpisowe od dru\u017cyny b\u0119dzie wynosi\u0107 1500 z\u0142<\/span><\/p>\n\n\n\n<p class=\"has-black-color has-text-color has-link-color wp-elements-6334eb6e8bedb1c008872b124d28585b\" style=\"font-size:18px\"><strong><em>Termin zg\u0142osze\u0144 up\u0142ywa 24 listopada 2024 roku.<\/em><\/strong><\/p>\n\n\n\n<div class=\"wp-block-buttons is-content-justification-center is-layout-flex wp-container-core-buttons-is-layout-16018d1d wp-block-buttons-is-layout-flex\">\n<div class=\"wp-block-button has-custom-font-size\" style=\"font-size:20px\"><a class=\"wp-block-button__link wp-element-button\" href=\"https:\/\/forms.gle\/Rnkp8jP8XhNkETpb7\" style=\"border-radius:20px\" target=\"_blank\" rel=\"noreferrer noopener\">FORMULARZ ZG\u0141OSZENIOWY<\/a><\/div>\n<\/div>\n\n\n\n<p class=\"has-black-color has-text-color has-link-color wp-elements-69a10a0eeea4491c487ffae976f30a68\" style=\"font-size:18px\">Przewidywane nagrody dla dru\u017cyn zajmuj\u0105cych miejsca na podium:<\/p>\n\n\n\n<p class=\"has-black-color has-text-color has-link-color wp-elements-5a5149deb756c9e07dc0f5dfce954104\" style=\"font-size:18px\">I miejsce &#8211; <strong>2000 z\u0142<\/strong><br>II miejsce &#8211; <strong>1500 z\u0142<\/strong><br>III miejsce <strong>1000 z\u0142<\/strong><\/p>\n\n\n\n<p class=\"has-black-color has-text-color has-link-color wp-elements-2cb0ce0e10ff76aee8664f1ec12a378d\" style=\"font-size:18px\">Wi\u0119cej szczeg\u00f3\u0142\u00f3w w najbli\u017cszym czasie&#8230;.<\/p>\n","protected":false},"excerpt":{"rendered":"<p>Tarnowska Liga Futsalu Podokr\u0119gu Tarn\u00f3w to nowa inicjatywa zarz\u0105du PPN Tarn\u00f3w, kt\u00f3ra ma na celu reaktywowa\u0107 kiedy\u015b dobrze funkcjonuj\u0105ce i popularne rozgrywki w halowej odmianie [&hellip;]<\/p>\n","protected":false},"author":2,"featured_media":3337,"comment_status":"closed","ping_status":"closed","sticky":false,"template":"","format":"standard","meta":{"_monsterinsights_skip_tracking":false,"_monsterinsights_sitenote_active":false,"_monsterinsights_sitenote_note":"","_monsterinsights_sitenote_category":0,"footnotes":""},"categories":[1],"tags":[],"class_list":["post-3335","post","type-post","status-publish","format-standard","has-post-thumbnail","hentry","category-bez-kategorii"],"_links":{"self":[{"href":"https:\/\/ppntarnow.pl\/index.php\/wp-json\/wp\/v2\/posts\/3335","targetHints":{"allow":["GET"]}}],"collection":[{"href":"https:\/\/ppntarnow.pl\/index.php\/wp-json\/wp\/v2\/posts"}],"about":[{"href":"https:\/\/ppntarnow.pl\/index.php\/wp-json\/wp\/v2\/types\/post"}],"author":[{"embeddable":true,"href":"https:\/\/ppntarnow.pl\/index.php\/wp-json\/wp\/v2\/users\/2"}],"replies":[{"embeddable":true,"href":"https:\/\/ppntarnow.pl\/index.php\/wp-json\/wp\/v2\/comments?post=3335"}],"version-history":[{"count":2,"href":"https:\/\/ppntarnow.pl\/index.php\/wp-json\/wp\/v2\/posts\/3335\/revisions"}],"predecessor-version":[{"id":3338,"href":"https:\/\/ppntarnow.pl\/index.php\/wp-json\/wp\/v2\/posts\/3335\/revisions\/3338"}],"wp:featuredmedia":[{"embeddable":true,"href":"https:\/\/ppntarnow.pl\/index.php\/wp-json\/wp\/v2\/media\/3337"}],"wp:attachment":[{"href":"https:\/\/ppntarnow.pl\/index.php\/wp-json\/wp\/v2\/media?parent=3335"}],"wp:term":[{"taxonomy":"category","embeddable":true,"href":"https:\/\/ppntarnow.pl\/index.php\/wp-json\/wp\/v2\/categories?post=3335"},{"taxonomy":"post_tag","embeddable":true,"href":"https:\/\/ppntarnow.pl\/index.php\/wp-json\/wp\/v2\/tags?post=3335"}],"curies":[{"name":"wp","href":"https:\/\/api.w.org\/{rel}","templated":true}]}}