{"id":4814,"date":"2026-09-04T13:57:22","date_gmt":"2026-09-04T11:57:22","guid":{"rendered":"https:\/\/ppntarnow.pl\/?p=4814"},"modified":"2026-09-04T14:00:58","modified_gmt":"2026-09-04T12:00:58","slug":"4814","status":"publish","type":"post","link":"https:\/\/ppntarnow.pl\/index.php\/2026\/09\/04\/4814\/","title":{"rendered":"Powo\u0142ania na konsultacje Kadry PPN Tarn\u00f3w \u2013 Rocznik 2016 (U-11)"},"content":{"rendered":"\n<h2 class=\"wp-block-heading\"><\/h2>\n\n\n\n<p class=\"wp-block-paragraph\">Trenerzy <strong>Daniel<\/strong> <strong>Bartkowski<\/strong> oraz <strong>Konrad<\/strong> <strong>Fry\u015b<\/strong> og\u0142osili list\u0119 zawodnik\u00f3w z rocznika 2016 (U-11) powo\u0142anych na nadchodz\u0105ce konsultacje szkoleniowe. Zgrupowania odb\u0119d\u0105 si\u0119 w dw\u00f3ch terminach na obiektach Metalu Tarn\u00f3w.<\/p>\n\n\n\n<h3 class=\"wp-block-heading\">\ud83d\udcc5 Harmonogram konsultacji:<\/h3>\n\n\n\n<ul class=\"wp-block-list\">\n<li><strong>Termin I:<\/strong> 22.09.2026 (wtorek), godz. 17:00 &#8211; 19:00\n<ul class=\"wp-block-list\">\n<li><strong>Miejsce:<\/strong> Boisko Metal Tarn\u00f3w, ul. Warsztatowa 2<\/li>\n<\/ul>\n<\/li>\n\n\n\n<li><strong>Termin II:<\/strong> 29.09.2026 (wtorek), godz. 17:00 &#8211; 19:00\n<ul class=\"wp-block-list\">\n<li><strong>Miejsce:<\/strong> Boisko Metal Tarn\u00f3w, ul. Warsztatowa 2<\/li>\n<\/ul>\n<\/li>\n<\/ul>\n\n\n\n<p class=\"wp-block-paragraph\">Poni\u017cej prezentujemy listy powo\u0142anych zawodnik\u00f3w.<\/p>\n\n\n\n<h3 class=\"wp-block-heading\">\u26bd Termin I: 22.09.2026 (wtorek)<\/h3>\n\n\n\n<ul class=\"wp-block-list\">\n<li><strong>AP English Football<\/strong>\n<ul class=\"wp-block-list\">\n<li>Jakub Malik<\/li>\n\n\n\n<li>Maciej Ciocho\u0144<\/li>\n\n\n\n<li>Karol Tobiasz (bramkarz)<\/li>\n<\/ul>\n<\/li>\n\n\n\n<li><strong>AP Wierzchos\u0142awice<\/strong>\n<ul class=\"wp-block-list\">\n<li>Alan Kania<\/li>\n\n\n\n<li>Antoni G\u00f3rski<\/li>\n<\/ul>\n<\/li>\n\n\n\n<li><strong>Dunajec Zakliczyn<\/strong>\n<ul class=\"wp-block-list\">\n<li>Karol \u015awiderski<\/li>\n\n\n\n<li>Max Paw\u0142owski (bramkarz)<\/li>\n<\/ul>\n<\/li>\n\n\n\n<li><strong>Forza Tarn\u00f3w<\/strong>\n<ul class=\"wp-block-list\">\n<li>Ignacy Bednarz<\/li>\n\n\n\n<li>Hubert Sulowski<\/li>\n\n\n\n<li>Julian Warzecha<\/li>\n<\/ul>\n<\/li>\n\n\n\n<li><strong>GKS Gromnik<\/strong>\n<ul class=\"wp-block-list\">\n<li>Jakub Ste\u0107<\/li>\n\n\n\n<li>Sebastian W\u00f3jcik<\/li>\n<\/ul>\n<\/li>\n\n\n\n<li><strong>Gryf Ple\u015bna<\/strong>\n<ul class=\"wp-block-list\">\n<li>Franciszek Wilk<\/li>\n\n\n\n<li>Oliwier Kara\u015b (bramkarz)<\/li>\n<\/ul>\n<\/li>\n\n\n\n<li><strong>Iskra Tarn\u00f3w<\/strong>\n<ul class=\"wp-block-list\">\n<li>Filip Hajduk<\/li>\n\n\n\n<li>Santiago Gdowski<\/li>\n<\/ul>\n<\/li>\n\n\n\n<li><strong>KS Koszyce Wielkie<\/strong>\n<ul class=\"wp-block-list\">\n<li>Mateusz Kwiek<\/li>\n<\/ul>\n<\/li>\n\n\n\n<li><strong>LUKS Skrzysz\u00f3w<\/strong>\n<ul class=\"wp-block-list\">\n<li>Mateusz Kaczmarczyk<\/li>\n\n\n\n<li>Kacper Kaczmarczyk<\/li>\n<\/ul>\n<\/li>\n\n\n\n<li><strong>Metal Tarn\u00f3w<\/strong>\n<ul class=\"wp-block-list\">\n<li>Fabian Kusion<\/li>\n<\/ul>\n<\/li>\n\n\n\n<li><strong>Orze\u0142 Zbylitowska G\u00f3ra<\/strong>\n<ul class=\"wp-block-list\">\n<li>Marcel Bobro<\/li>\n<\/ul>\n<\/li>\n\n\n\n<li><strong>Tarnovia Tarn\u00f3w<\/strong>\n<ul class=\"wp-block-list\">\n<li>Aleksander Sys\u0142o<\/li>\n\n\n\n<li>Pawe\u0142 Czarny<\/li>\n\n\n\n<li>Iwo Berezka<\/li>\n<\/ul>\n<\/li>\n\n\n\n<li><strong>Tuchovia Tuch\u00f3w<\/strong>\n<ul class=\"wp-block-list\">\n<li>Fabian Filip<\/li>\n<\/ul>\n<\/li>\n\n\n\n<li><strong>Unia Tarn\u00f3w<\/strong>\n<ul class=\"wp-block-list\">\n<li>Patryk Jop<\/li>\n<\/ul>\n<\/li>\n\n\n\n<li><strong>Westovia Tarn\u00f3w<\/strong>\n<ul class=\"wp-block-list\">\n<li>Kacper Strzelec<\/li>\n\n\n\n<li>Aleksander Gaco\u0144<\/li>\n\n\n\n<li>Bartosz Pi\u00f3rko<\/li>\n\n\n\n<li>Natan Czech (bramkarz)<\/li>\n<\/ul>\n<\/li>\n\n\n\n<li><strong>Wolania Wola Rz\u0119dzi\u0144ska<\/strong>\n<ul class=\"wp-block-list\">\n<li>Miko\u0142aj \u015awierczek<\/li>\n\n\n\n<li>Piotr Brz\u0105ka\u0142a<\/li>\n<\/ul>\n<\/li>\n<\/ul>\n\n\n\n<h3 class=\"wp-block-heading\">\u26bd Termin II: 29.09.2026 (wtorek)<\/h3>\n\n\n\n<ul class=\"wp-block-list\">\n<li><strong>AP English Football Zakliczyn<\/strong>\n<ul class=\"wp-block-list\">\n<li>Wiktor Kociubi\u0144ski<\/li>\n\n\n\n<li>Karol Tobiasz (bramkarz)<\/li>\n\n\n\n<li>Jakub Malik<\/li>\n<\/ul>\n<\/li>\n\n\n\n<li><strong>AP Wierzchos\u0142awice<\/strong>\n<ul class=\"wp-block-list\">\n<li>Alan Kania<\/li>\n<\/ul>\n<\/li>\n\n\n\n<li><strong>Ci\u0119\u017ckowianka Ci\u0119\u017ckowice<\/strong>\n<ul class=\"wp-block-list\">\n<li>Jakub Grzyb<\/li>\n<\/ul>\n<\/li>\n\n\n\n<li><strong>Dunajec Zakliczyn<\/strong>\n<ul class=\"wp-block-list\">\n<li>Marcel Waryas<\/li>\n\n\n\n<li>Kacper Motyka<\/li>\n<\/ul>\n<\/li>\n\n\n\n<li><strong>Forza Tarn\u00f3w<\/strong>\n<ul class=\"wp-block-list\">\n<li>Oskar Bartkowski<\/li>\n\n\n\n<li>Szymon Bartkowski<\/li>\n\n\n\n<li>Nikodem Grzebieniowski<\/li>\n<\/ul>\n<\/li>\n\n\n\n<li><strong>GKS Gromnik<\/strong>\n<ul class=\"wp-block-list\">\n<li>Jakub Ste\u0107<\/li>\n<\/ul>\n<\/li>\n\n\n\n<li><strong>Gryf Ple\u015bna<\/strong>\n<ul class=\"wp-block-list\">\n<li>Tymoteusz Wolski<\/li>\n\n\n\n<li>Tobiasz Bujak<\/li>\n<\/ul>\n<\/li>\n\n\n\n<li><strong>KS Rzuchowa \/ TBB<\/strong>\n<ul class=\"wp-block-list\">\n<li>Dominik Solakiwicz<\/li>\n<\/ul>\n<\/li>\n\n\n\n<li><strong>LUKS Skrzysz\u00f3w<\/strong>\n<ul class=\"wp-block-list\">\n<li>Mi\u0142osz Boruch<\/li>\n\n\n\n<li>Gabriel Boruch<\/li>\n<\/ul>\n<\/li>\n\n\n\n<li><strong>Olimpia Wojnicz<\/strong>\n<ul class=\"wp-block-list\">\n<li>Adrian Gostek<\/li>\n\n\n\n<li>Wojciech Wajda (bramkarz)<\/li>\n\n\n\n<li>Filip Wo\u017aniak<\/li>\n<\/ul>\n<\/li>\n\n\n\n<li><strong>Tuchovia Tuch\u00f3w<\/strong>\n<ul class=\"wp-block-list\">\n<li>Fabian Filip<\/li>\n<\/ul>\n<\/li>\n\n\n\n<li><strong>Unia Tarn\u00f3w<\/strong>\n<ul class=\"wp-block-list\">\n<li>Leo Zaj\u0105c<\/li>\n\n\n\n<li>Franciszek Miecznik<\/li>\n<\/ul>\n<\/li>\n\n\n\n<li><strong>Westovia Tarn\u00f3w<\/strong>\n<ul class=\"wp-block-list\">\n<li>Fabian P\u0142aksej<\/li>\n\n\n\n<li>Fabian Molecki<\/li>\n\n\n\n<li>Sebastian Kloc<\/li>\n\n\n\n<li>Wojciech Olszewski<\/li>\n\n\n\n<li>Eryk Patynowski<\/li>\n<\/ul>\n<\/li>\n\n\n\n<li><strong>Wolania Wola Rz\u0119dzi\u0144ska<\/strong>\n<ul class=\"wp-block-list\">\n<li>Hugo Borowiecki<\/li>\n\n\n\n<li>Miko\u0142aj Kwiek<\/li>\n<\/ul>\n<\/li>\n<\/ul>\n\n\n\n<p class=\"wp-block-paragraph\">Gratulujemy wszystkim powo\u0142anym i \u017cyczymy owocnych trening\u00f3w!<\/p>\n\n\n\n<p class=\"wp-block-paragraph\"><\/p>\n\n\n\n<p class=\"wp-block-paragraph\"><strong>Sztab szkoleniowy (2016):<\/strong><\/p>\n\n\n\n<ul class=\"wp-block-list\">\n<li><strong>Trener:<\/strong>\u00a0Daniel Bartkowski (tel. 602 771 298)<\/li>\n\n\n\n<li><strong>Trener:<\/strong>\u00a0Konrad Fry\u015b<\/li>\n<\/ul>\n\n\n\n<p class=\"wp-block-paragraph\"><strong>Trenerzy wsp\u00f3\u0142pracuj\u0105cy z obiema kadrami:<\/strong><\/p>\n\n\n\n<ul class=\"wp-block-list\">\n<li><strong>Trener bramkarzy:<\/strong>\u00a0Karol Dybowski<\/li>\n\n\n\n<li><strong>Trener przygotowania motorycznego:<\/strong>\u00a0Marcin Krawczyk<\/li>\n<\/ul>\n\n\n\n<p class=\"wp-block-paragraph\"><strong>Ka\u017cdy z powo\u0142anych graczy obowi\u0105zkowo posiada:<\/strong><\/p>\n\n\n\n<ul class=\"wp-block-list\">\n<li>obuwie na naturaln\u0105 nawierzchni\u0119<\/li>\n\n\n\n<li>str\u00f3j treningowy (koszulka, spodenki, getry)<\/li>\n\n\n\n<li>wod\u0119<\/li>\n\n\n\n<li>kopi\u0119 wa\u017cnych bada\u0144 lekarskich<\/li>\n<\/ul>\n","protected":false},"excerpt":{"rendered":"<p>Trenerzy Daniel Bartkowski oraz Konrad Fry\u015b og\u0142osili list\u0119 zawodnik\u00f3w z rocznika 2016 (U-11) powo\u0142anych na nadchodz\u0105ce konsultacje szkoleniowe. Zgrupowania odb\u0119d\u0105 si\u0119 w dw\u00f3ch terminach na [&hellip;]<\/p>\n","protected":false},"author":2,"featured_media":3800,"comment_status":"closed","ping_status":"","sticky":false,"template":"","format":"standard","meta":{"_monsterinsights_skip_tracking":false,"_monsterinsights_sitenote_active":false,"_monsterinsights_sitenote_note":"","_monsterinsights_sitenote_category":0,"footnotes":""},"categories":[1],"tags":[],"class_list":["post-4814","post","type-post","status-publish","format-standard","has-post-thumbnail","hentry","category-bez-kategorii"],"_links":{"self":[{"href":"https:\/\/ppntarnow.pl\/index.php\/wp-json\/wp\/v2\/posts\/4814","targetHints":{"allow":["GET"]}}],"collection":[{"href":"https:\/\/ppntarnow.pl\/index.php\/wp-json\/wp\/v2\/posts"}],"about":[{"href":"https:\/\/ppntarnow.pl\/index.php\/wp-json\/wp\/v2\/types\/post"}],"author":[{"embeddable":true,"href":"https:\/\/ppntarnow.pl\/index.php\/wp-json\/wp\/v2\/users\/2"}],"replies":[{"embeddable":true,"href":"https:\/\/ppntarnow.pl\/index.php\/wp-json\/wp\/v2\/comments?post=4814"}],"version-history":[{"count":4,"href":"https:\/\/ppntarnow.pl\/index.php\/wp-json\/wp\/v2\/posts\/4814\/revisions"}],"predecessor-version":[{"id":4818,"href":"https:\/\/ppntarnow.pl\/index.php\/wp-json\/wp\/v2\/posts\/4814\/revisions\/4818"}],"wp:featuredmedia":[{"embeddable":true,"href":"https:\/\/ppntarnow.pl\/index.php\/wp-json\/wp\/v2\/media\/3800"}],"wp:attachment":[{"href":"https:\/\/ppntarnow.pl\/index.php\/wp-json\/wp\/v2\/media?parent=4814"}],"wp:term":[{"taxonomy":"category","embeddable":true,"href":"https:\/\/ppntarnow.pl\/index.php\/wp-json\/wp\/v2\/categories?post=4814"},{"taxonomy":"post_tag","embeddable":true,"href":"https:\/\/ppntarnow.pl\/index.php\/wp-json\/wp\/v2\/tags?post=4814"}],"curies":[{"name":"wp","href":"https:\/\/api.w.org\/{rel}","templated":true}]}}